{"id":181,"date":"2020-11-27T09:17:11","date_gmt":"2020-11-27T09:17:11","guid":{"rendered":"http:\/\/topografiaialtrescoses.cat\/?p=181"},"modified":"2020-11-27T09:21:22","modified_gmt":"2020-11-27T09:21:22","slug":"7-programant-aplicacions-per-cartografia-amb-andreu-alvarruiz","status":"publish","type":"post","link":"http:\/\/topografiaialtrescoses.cat\/?p=181","title":{"rendered":"7. Programant aplicacions per cartografia amb Andreu Alvarruiz"},"content":{"rendered":"\n<p>Aquesta setmana en Marc ha realitzat l&#8217;aixecament topogr\u00e0fic i replanteig a un recinte firal, ha continuat treballant amb la delimitaci\u00f3 d&#8217;un aixecament recent, i entre altres coses t\u00e9 moviment de nous pressupostos per fer i acceptats. L&#8217;Oriol segueix &#8220;esclavitzat&#8221; amb l&#8217;escaneig d&#8217;una feina del Salva, t\u00e9 en marxa el topogr\u00e0fic d&#8217;unes depuradores i tamb\u00e9 segueix amb la l\u00ednia de pressupostos i futures feines a fer. El Salva va de b\u00f2lid, tamb\u00e9 t\u00e9 for\u00e7a peticions de pressupostos, t\u00e9 en marxa l&#8217;escaneig amb l&#8217;Oriol, ha publicat en nou mapa de Catalunya de senders i ha passat per impremta amb una nova tirada del mapa de Vic. I novetat al podcast!! Entrevista a la vista! Aquesta setmana l&#8217;Andreu Alvarruiz de l&#8217;Institut Cartogr\u00e0fic i Geol\u00f2gic de Catalunya, tot un luxe!<\/p>\n\n\n\n<figure class=\"wp-block-embed-spotify wp-block-embed is-type-rich is-provider-spotify wp-embed-aspect-21-9 wp-has-aspect-ratio\"><div class=\"wp-block-embed__wrapper\">\n<iframe loading=\"lazy\" title=\"Spotify Embed: Programant aplicacions per cartografia amb Andreu Alvarruiz \" width=\"100%\" height=\"232\" allowtransparency=\"true\" frameborder=\"0\" allow=\"encrypted-media\" src=\"https:\/\/open.spotify.com\/embed-podcast\/episode\/06K5dhS3aAMzVLMMt1X9tD?si=dUK8hFw9Rs2Ez79p51P5XA\"><\/iframe>\n<\/div><\/figure>\n\n\n\n<p><\/p>\n","protected":false},"excerpt":{"rendered":"<p>Aquesta setmana en Marc ha realitzat l&#8217;aixecament topogr\u00e0fic i replanteig a un recinte firal, ha continuat treballant amb la delimitaci\u00f3 d&#8217;un aixecament recent, i entre altres coses t\u00e9 moviment de nous pressupostos per fer i acceptats. L&#8217;Oriol segueix &#8220;esclavitzat&#8221; amb l&#8217;escaneig d&#8217;una feina del Salva, t\u00e9 en marxa el topogr\u00e0fic d&#8217;unes depuradores i tamb\u00e9 segueix [&hellip;]<\/p>\n","protected":false},"author":1,"featured_media":0,"comment_status":"closed","ping_status":"closed","sticky":false,"template":"","format":"standard","meta":{"footnotes":""},"categories":[1],"tags":[],"class_list":["post-181","post","type-post","status-publish","format-standard","hentry","category-sin-categoria"],"_links":{"self":[{"href":"http:\/\/topografiaialtrescoses.cat\/index.php?rest_route=\/wp\/v2\/posts\/181","targetHints":{"allow":["GET"]}}],"collection":[{"href":"http:\/\/topografiaialtrescoses.cat\/index.php?rest_route=\/wp\/v2\/posts"}],"about":[{"href":"http:\/\/topografiaialtrescoses.cat\/index.php?rest_route=\/wp\/v2\/types\/post"}],"author":[{"embeddable":true,"href":"http:\/\/topografiaialtrescoses.cat\/index.php?rest_route=\/wp\/v2\/users\/1"}],"replies":[{"embeddable":true,"href":"http:\/\/topografiaialtrescoses.cat\/index.php?rest_route=%2Fwp%2Fv2%2Fcomments&post=181"}],"version-history":[{"count":1,"href":"http:\/\/topografiaialtrescoses.cat\/index.php?rest_route=\/wp\/v2\/posts\/181\/revisions"}],"predecessor-version":[{"id":182,"href":"http:\/\/topografiaialtrescoses.cat\/index.php?rest_route=\/wp\/v2\/posts\/181\/revisions\/182"}],"wp:attachment":[{"href":"http:\/\/topografiaialtrescoses.cat\/index.php?rest_route=%2Fwp%2Fv2%2Fmedia&parent=181"}],"wp:term":[{"taxonomy":"category","embeddable":true,"href":"http:\/\/topografiaialtrescoses.cat\/index.php?rest_route=%2Fwp%2Fv2%2Fcategories&post=181"},{"taxonomy":"post_tag","embeddable":true,"href":"http:\/\/topografiaialtrescoses.cat\/index.php?rest_route=%2Fwp%2Fv2%2Ftags&post=181"}],"curies":[{"name":"wp","href":"https:\/\/api.w.org\/{rel}","templated":true}]}}