{"id":227,"date":"2021-03-20T17:26:30","date_gmt":"2021-03-20T17:26:30","guid":{"rendered":"http:\/\/topografiaialtrescoses.cat\/?p=227"},"modified":"2021-03-20T17:26:30","modified_gmt":"2021-03-20T17:26:30","slug":"16-alguna-cosa-sobre-gmls-sorpresa","status":"publish","type":"post","link":"http:\/\/topografiaialtrescoses.cat\/?p=227","title":{"rendered":"16. Alguna cosa sobre&#8230; GML&#8217;s! Sorpresa!"},"content":{"rendered":"\n<p>Aquesta setmana en Marc ha rematat els topogr\u00e0fics urbans que va iniciar la setmana passada per encarar un nou projecte al Sincrotr\u00f3 Alba. L&#8217;Oriol ha realitzat un topogr\u00e0fic amb exteriors i interiors amb l\u00e0ser esc\u00e0ner, ha continuat amb acords t\u00e8cnics a la cantera entre d&#8217;altres. En Salva porta uns dies m\u00e9s tranquils per\u00f2 amb molts fronts oberts, ens destaca com va pressupostar una feina amb el client al costat, han reenganxat el mapa del Canig\u00f3 i tancant tema de projectes de camins. Avui i com a tema recurrent al nostra dia a dia parlarem obertament de situacions que ens trobem amb els certificats de georefrenciaci\u00f3. Us deixem l&#8217;enlla\u00e7 dels tips de la setmana:\u00a0<a rel=\"noreferrer noopener\" href=\"https:\/\/www.educima.com\/crosswordgenerator.php\" target=\"_blank\">Educima<\/a>\u00a0i el twitter del Colegio de Registradores:\u00a0@registrador_es i\u00a0@registrador_r<\/p>\n\n\n\n<figure class=\"wp-block-embed is-type-rich is-provider-spotify wp-block-embed-spotify wp-embed-aspect-21-9 wp-has-aspect-ratio\"><div class=\"wp-block-embed__wrapper\">\n<iframe loading=\"lazy\" title=\"Spotify Embed: Alguna cosa sobre... GML&#039;s! Sorpresa!\" width=\"100%\" height=\"232\" allowtransparency=\"true\" frameborder=\"0\" allow=\"encrypted-media\" src=\"https:\/\/open.spotify.com\/embed-podcast\/episode\/5J0KbjpH70EIvGr6kNnc6Y?si=60uxRemGSIiAAersF61PvQ\"><\/iframe>\n<\/div><\/figure>\n","protected":false},"excerpt":{"rendered":"<p>Aquesta setmana en Marc ha rematat els topogr\u00e0fics urbans que va iniciar la setmana passada per encarar un nou projecte al Sincrotr\u00f3 Alba. L&#8217;Oriol ha realitzat un topogr\u00e0fic amb exteriors i interiors amb l\u00e0ser esc\u00e0ner, ha continuat amb acords t\u00e8cnics a la cantera entre d&#8217;altres. En Salva porta uns dies m\u00e9s tranquils per\u00f2 amb molts [&hellip;]<\/p>\n","protected":false},"author":1,"featured_media":0,"comment_status":"open","ping_status":"open","sticky":false,"template":"","format":"standard","meta":{"footnotes":""},"categories":[1],"tags":[],"class_list":["post-227","post","type-post","status-publish","format-standard","hentry","category-sin-categoria"],"_links":{"self":[{"href":"http:\/\/topografiaialtrescoses.cat\/index.php?rest_route=\/wp\/v2\/posts\/227","targetHints":{"allow":["GET"]}}],"collection":[{"href":"http:\/\/topografiaialtrescoses.cat\/index.php?rest_route=\/wp\/v2\/posts"}],"about":[{"href":"http:\/\/topografiaialtrescoses.cat\/index.php?rest_route=\/wp\/v2\/types\/post"}],"author":[{"embeddable":true,"href":"http:\/\/topografiaialtrescoses.cat\/index.php?rest_route=\/wp\/v2\/users\/1"}],"replies":[{"embeddable":true,"href":"http:\/\/topografiaialtrescoses.cat\/index.php?rest_route=%2Fwp%2Fv2%2Fcomments&post=227"}],"version-history":[{"count":1,"href":"http:\/\/topografiaialtrescoses.cat\/index.php?rest_route=\/wp\/v2\/posts\/227\/revisions"}],"predecessor-version":[{"id":228,"href":"http:\/\/topografiaialtrescoses.cat\/index.php?rest_route=\/wp\/v2\/posts\/227\/revisions\/228"}],"wp:attachment":[{"href":"http:\/\/topografiaialtrescoses.cat\/index.php?rest_route=%2Fwp%2Fv2%2Fmedia&parent=227"}],"wp:term":[{"taxonomy":"category","embeddable":true,"href":"http:\/\/topografiaialtrescoses.cat\/index.php?rest_route=%2Fwp%2Fv2%2Fcategories&post=227"},{"taxonomy":"post_tag","embeddable":true,"href":"http:\/\/topografiaialtrescoses.cat\/index.php?rest_route=%2Fwp%2Fv2%2Ftags&post=227"}],"curies":[{"name":"wp","href":"https:\/\/api.w.org\/{rel}","templated":true}]}}